{"id":2276,"date":"2022-02-11T16:58:49","date_gmt":"2022-02-11T15:58:49","guid":{"rendered":"https:\/\/metarom.eu\/?post_type=app_blog_post&#038;p=2276"},"modified":"2023-06-08T11:05:30","modified_gmt":"2023-06-08T09:05:30","slug":"mfr-nominierungen","status":"publish","type":"app_blog_post","link":"https:\/\/metarom.eu\/de\/actualites\/mfr-nominierungen\/","title":{"rendered":"Ernennungen: Metarom france vergr\u00f6\u00dfert sich!"},"content":{"rendered":"\n<h2 class=\"wp-block-heading\">In der franz\u00f6sischen Niederlassung der METAROM-Gruppe unter der Leitung von C\u00e9line Hocquet wird Damien Letellier Standortleiter und B\u00e9n\u00e9dicte Chenuet Marketingleiterin von Metarom Frankreich<\/h2>\n\n\n\n<h4 class=\"wp-block-heading\">Metarom France, ein Unternehmen, das sich seit 1953 auf die Entwicklung, Herstellung und den Vertrieb von Aroma- und Karamell-L\u00f6sungen f\u00fcr die Lebensmittelindustrie spezialisiert hat, baut seine T\u00e4tigkeit aus und reagiert damit auf das Wachstum des Unternehmens. Zwei neue Posten innerhalb der Gesch\u00e4ftsleitung Leben gerufen.<\/h4>\n\n\n\n<h3 class=\"wp-block-heading\">Damien Letellier, Standortleiter<\/h3>\n\n\n\n<p>Damien Letellier ist seit acht Jahren bei Metarom France besch\u00e4ftigt und hat sich als Direktor f\u00fcr Ressourcen und sp\u00e4ter als stellvertretender Direktor ein fundiertes Wissen \u00fcber das Unternehmen und seine Ressourcen angeeignet, das es ihm heute erm\u00f6glicht, den reibungslosen Ablauf der Operationen zu leiten.<\/p>\n\n\n\n<figure class=\"wp-block-table\"><table><tbody><tr><th><img loading=\"lazy\" decoding=\"async\" class=\"size-medium wp-image-2253 alignnone\" src=\"https:\/\/metarom.eu\/wp-content\/uploads\/2022\/02\/metarom-8471-min-200x300.jpg\" alt=\"photo d'un homme d'une quarantaine d'ann\u00e9es, souriant, en costume\" width=\"200\" height=\"300\" srcset=\"https:\/\/metarom.eu\/wp-content\/uploads\/2022\/02\/metarom-8471-min-200x300.jpg 200w, https:\/\/metarom.eu\/wp-content\/uploads\/2022\/02\/metarom-8471-min-683x1024.jpg 683w, https:\/\/metarom.eu\/wp-content\/uploads\/2022\/02\/metarom-8471-min-768x1152.jpg 768w, https:\/\/metarom.eu\/wp-content\/uploads\/2022\/02\/metarom-8471-min-1024x1536.jpg 1024w, https:\/\/metarom.eu\/wp-content\/uploads\/2022\/02\/metarom-8471-min-1365x2048.jpg 1365w, https:\/\/metarom.eu\/wp-content\/uploads\/2022\/02\/metarom-8471-min-scaled.jpg 1707w\" sizes=\"auto, (max-width: 200px) 100vw, 200px\" \/><p><\/p>\n<p style=\"text-align: left;\">\n<\/p><\/th><th>\n<blockquote><p style=\"text-align: left;\">\u00ab <em>\u201eIch bin sehr zufrieden mit meiner Entwicklung bei Metarom Frankreich. Die Ernennung zum Standortleiter erm\u00f6glicht es mir nun, f\u00fcr die operative Umsetzung unseres Know-hows zu sorgen. Als Standortleiter m\u00f6chte ich dazu beitragen und daf\u00fcr sorgen, dass die Abl\u00e4ufe im Unternehmen reibungslos funktionieren. &#8222;, erkl\u00e4rt Damien Letellier, Standortleiter von Metarom Frankreich.<\/em><\/p><\/blockquote>\n<\/th><\/tr><\/tbody><\/table><\/figure>\n\n\n\n<h3 class=\"wp-block-heading\">B\u00e9n\u00e9dicte Chenuet, Marketingdirektorin<\/h3>\n\n\n\n<p>Um der Entwicklung des Unternehmens gerecht zu werden, verst\u00e4rkt Metarom France sein Marketingteam durch die Schaffung einer F\u00fchrungsposition und ernennt B\u00e9n\u00e9dicte Chenuet mit ihrer Mission, die Entwicklung und pers\u00f6nliche Betreuung von Lebensmittelherstellern zu \u00fcberwachen, um den Bed\u00fcrfnissen der Verbraucher gerecht zu werden. B\u00e9n\u00e9dicte Chenuet hat eine internationale Karriere im Bereich Medien und Dienstleistungen hinter sich und verf\u00fcgt \u00fcber vier Jahre Berufserfahrung im Bereich nat\u00fcrliche aromatische Inhaltsstoffe bei Bontoux SAS.<\/p>\n\n\n\n<figure class=\"wp-block-table\"><table><tbody><tr><th><img loading=\"lazy\" decoding=\"async\" class=\"size-medium wp-image-2250 alignnone\" src=\"https:\/\/metarom.eu\/wp-content\/uploads\/2022\/02\/metarom-8173-min-200x300.jpg\" alt=\"photo d'une femme souriante, de quarante ans\" width=\"200\" height=\"300\" srcset=\"https:\/\/metarom.eu\/wp-content\/uploads\/2022\/02\/metarom-8173-min-200x300.jpg 200w, https:\/\/metarom.eu\/wp-content\/uploads\/2022\/02\/metarom-8173-min-683x1024.jpg 683w, https:\/\/metarom.eu\/wp-content\/uploads\/2022\/02\/metarom-8173-min-768x1152.jpg 768w, https:\/\/metarom.eu\/wp-content\/uploads\/2022\/02\/metarom-8173-min-1024x1536.jpg 1024w, https:\/\/metarom.eu\/wp-content\/uploads\/2022\/02\/metarom-8173-min-1365x2048.jpg 1365w, https:\/\/metarom.eu\/wp-content\/uploads\/2022\/02\/metarom-8173-min-scaled.jpg 1707w\" sizes=\"auto, (max-width: 200px) 100vw, 200px\" \/><\/th><th>\n<blockquote><blockquote><p style=\"text-align: left;\">\u00ab <em>\u201eIndem ich bei Metarom Frankreich anfange, m\u00f6chte ich zur Marketingentwicklung dieser \u00fcberschaubaren Struktur beitragen. Es liegt mir am Herzen, neue M\u00f6glichkeiten zu entwickeln und umzusetzen und dabei die Kunden der Lebensmittelindustrie zu begleiten und auf ihre Bed\u00fcrfnisse einzugehen. \u201c, so B\u00e9n\u00e9dicte Chenuet, Marketingdirektorin von Metarom Frankreich.<\/em><\/p><\/blockquote><\/blockquote>\n<\/th><\/tr><\/tbody><\/table><\/figure>\n\n\n\n<blockquote class=\"wp-block-quote is-layout-flow wp-block-quote-is-layout-flow\">\n<p>\u00ab<em> \u201eIm Rahmen unseres Unternehmenswachstums freue ich mich, Damien Letellier zum Standortleiter zu ernennen und B\u00e9n\u00e9dicte Chenuet als Marketingleiterin zu begr\u00fc\u00dfen. Ich w\u00fcnsche ihnen viel Erfolg, um gemeinsam weiter an der Ern\u00e4hrung von morgen arbeiten k\u00f6nnen\u201c, f\u00fcgte C\u00e9line Hocquet hinzu,<strong>.<\/strong><\/em><\/p>\n<\/blockquote>\n","protected":false},"featured_media":2256,"template":"","class_list":["post-2276","app_blog_post","type-app_blog_post","status-publish","has-post-thumbnail","hentry","app_blog_post_theme-unternehmen"],"acf":{"related_author":null},"yoast_head":"<!-- This site is optimized with the Yoast SEO plugin v27.3 - https:\/\/yoast.com\/product\/yoast-seo-wordpress\/ -->\n<title>Ernennungen: Metarom france vergr\u00f6\u00dfert sich! - Metarom<\/title>\n<meta name=\"robots\" content=\"index, follow, max-snippet:-1, max-image-preview:large, max-video-preview:-1\" \/>\n<link rel=\"canonical\" href=\"https:\/\/metarom.eu\/de\/actualites\/mfr-nominierungen\/\" \/>\n<meta property=\"og:locale\" content=\"de_DE\" \/>\n<meta property=\"og:type\" content=\"article\" \/>\n<meta property=\"og:title\" content=\"Ernennungen: Metarom france vergr\u00f6\u00dfert sich! - Metarom\" \/>\n<meta property=\"og:description\" content=\"In der franz\u00f6sischen Niederlassung der METAROM-Gruppe unter der Leitung von C\u00e9line Hocquet wird Damien Letellier Standortleiter und B\u00e9n\u00e9dicte Chenuet Marketingleiterin von Metarom Frankreich Metarom France, ein Unternehmen, das sich seit 1953 auf die Entwicklung, Herstellung und den Vertrieb von Aroma- und Karamell-L\u00f6sungen f\u00fcr die Lebensmittelindustrie spezialisiert hat, baut seine T\u00e4tigkeit aus und reagiert damit auf [&hellip;]\" \/>\n<meta property=\"og:url\" content=\"https:\/\/metarom.eu\/de\/actualites\/mfr-nominierungen\/\" \/>\n<meta property=\"og:site_name\" content=\"Metarom\" \/>\n<meta property=\"article:modified_time\" content=\"2023-06-08T09:05:30+00:00\" \/>\n<meta property=\"og:image\" content=\"https:\/\/metarom.eu\/wp-content\/uploads\/2022\/02\/sans-titre-3.png\" \/>\n\t<meta property=\"og:image:width\" content=\"800\" \/>\n\t<meta property=\"og:image:height\" content=\"400\" \/>\n\t<meta property=\"og:image:type\" content=\"image\/png\" \/>\n<meta name=\"twitter:card\" content=\"summary_large_image\" \/>\n<meta name=\"twitter:label1\" content=\"Gesch\u00e4tzte Lesezeit\" \/>\n\t<meta name=\"twitter:data1\" content=\"2\u00a0Minuten\" \/>\n<script type=\"application\/ld+json\" class=\"yoast-schema-graph\">{\"@context\":\"https:\\\/\\\/schema.org\",\"@graph\":[{\"@type\":\"WebPage\",\"@id\":\"https:\\\/\\\/metarom.eu\\\/de\\\/actualites\\\/mfr-nominierungen\\\/\",\"url\":\"https:\\\/\\\/metarom.eu\\\/de\\\/actualites\\\/mfr-nominierungen\\\/\",\"name\":\"Ernennungen: Metarom france vergr\u00f6\u00dfert sich! - Metarom\",\"isPartOf\":{\"@id\":\"https:\\\/\\\/metarom.eu\\\/de\\\/#website\"},\"primaryImageOfPage\":{\"@id\":\"https:\\\/\\\/metarom.eu\\\/de\\\/actualites\\\/mfr-nominierungen\\\/#primaryimage\"},\"image\":{\"@id\":\"https:\\\/\\\/metarom.eu\\\/de\\\/actualites\\\/mfr-nominierungen\\\/#primaryimage\"},\"thumbnailUrl\":\"https:\\\/\\\/metarom.eu\\\/wp-content\\\/uploads\\\/2022\\\/02\\\/sans-titre-3.png\",\"datePublished\":\"2022-02-11T15:58:49+00:00\",\"dateModified\":\"2023-06-08T09:05:30+00:00\",\"breadcrumb\":{\"@id\":\"https:\\\/\\\/metarom.eu\\\/de\\\/actualites\\\/mfr-nominierungen\\\/#breadcrumb\"},\"inLanguage\":\"de\",\"potentialAction\":[{\"@type\":\"ReadAction\",\"target\":[\"https:\\\/\\\/metarom.eu\\\/de\\\/actualites\\\/mfr-nominierungen\\\/\"]}]},{\"@type\":\"ImageObject\",\"inLanguage\":\"de\",\"@id\":\"https:\\\/\\\/metarom.eu\\\/de\\\/actualites\\\/mfr-nominierungen\\\/#primaryimage\",\"url\":\"https:\\\/\\\/metarom.eu\\\/wp-content\\\/uploads\\\/2022\\\/02\\\/sans-titre-3.png\",\"contentUrl\":\"https:\\\/\\\/metarom.eu\\\/wp-content\\\/uploads\\\/2022\\\/02\\\/sans-titre-3.png\",\"width\":800,\"height\":400,\"caption\":\"photo d'une fa\u00e7ade de l'entreprise metarom\"},{\"@type\":\"BreadcrumbList\",\"@id\":\"https:\\\/\\\/metarom.eu\\\/de\\\/actualites\\\/mfr-nominierungen\\\/#breadcrumb\",\"itemListElement\":[{\"@type\":\"ListItem\",\"position\":1,\"name\":\"Accueil\",\"item\":\"https:\\\/\\\/metarom.eu\\\/de\\\/\"},{\"@type\":\"ListItem\",\"position\":2,\"name\":\"Ernennungen: Metarom france vergr\u00f6\u00dfert sich!\"}]},{\"@type\":\"WebSite\",\"@id\":\"https:\\\/\\\/metarom.eu\\\/de\\\/#website\",\"url\":\"https:\\\/\\\/metarom.eu\\\/de\\\/\",\"name\":\"Metarom\",\"description\":\"Ar\u00f4mes et caramels\",\"publisher\":{\"@id\":\"https:\\\/\\\/metarom.eu\\\/de\\\/#organization\"},\"potentialAction\":[{\"@type\":\"SearchAction\",\"target\":{\"@type\":\"EntryPoint\",\"urlTemplate\":\"https:\\\/\\\/metarom.eu\\\/de\\\/?s={search_term_string}\"},\"query-input\":{\"@type\":\"PropertyValueSpecification\",\"valueRequired\":true,\"valueName\":\"search_term_string\"}}],\"inLanguage\":\"de\"},{\"@type\":\"Organization\",\"@id\":\"https:\\\/\\\/metarom.eu\\\/de\\\/#organization\",\"name\":\"Metarom\",\"url\":\"https:\\\/\\\/metarom.eu\\\/de\\\/\",\"logo\":{\"@type\":\"ImageObject\",\"inLanguage\":\"de\",\"@id\":\"https:\\\/\\\/metarom.eu\\\/de\\\/#\\\/schema\\\/logo\\\/image\\\/\",\"url\":\"https:\\\/\\\/metarom.eu\\\/wp-content\\\/uploads\\\/2021\\\/06\\\/metarom-fr.jpeg\",\"contentUrl\":\"https:\\\/\\\/metarom.eu\\\/wp-content\\\/uploads\\\/2021\\\/06\\\/metarom-fr.jpeg\",\"width\":1772,\"height\":1181,\"caption\":\"Metarom\"},\"image\":{\"@id\":\"https:\\\/\\\/metarom.eu\\\/de\\\/#\\\/schema\\\/logo\\\/image\\\/\"},\"sameAs\":[\"https:\\\/\\\/fr.linkedin.com\\\/company\\\/metarom-france\"]}]}<\/script>\n<!-- \/ Yoast SEO plugin. -->","yoast_head_json":{"title":"Ernennungen: Metarom france vergr\u00f6\u00dfert sich! - Metarom","robots":{"index":"index","follow":"follow","max-snippet":"max-snippet:-1","max-image-preview":"max-image-preview:large","max-video-preview":"max-video-preview:-1"},"canonical":"https:\/\/metarom.eu\/de\/actualites\/mfr-nominierungen\/","og_locale":"de_DE","og_type":"article","og_title":"Ernennungen: Metarom france vergr\u00f6\u00dfert sich! - Metarom","og_description":"In der franz\u00f6sischen Niederlassung der METAROM-Gruppe unter der Leitung von C\u00e9line Hocquet wird Damien Letellier Standortleiter und B\u00e9n\u00e9dicte Chenuet Marketingleiterin von Metarom Frankreich Metarom France, ein Unternehmen, das sich seit 1953 auf die Entwicklung, Herstellung und den Vertrieb von Aroma- und Karamell-L\u00f6sungen f\u00fcr die Lebensmittelindustrie spezialisiert hat, baut seine T\u00e4tigkeit aus und reagiert damit auf [&hellip;]","og_url":"https:\/\/metarom.eu\/de\/actualites\/mfr-nominierungen\/","og_site_name":"Metarom","article_modified_time":"2023-06-08T09:05:30+00:00","og_image":[{"width":800,"height":400,"url":"https:\/\/metarom.eu\/wp-content\/uploads\/2022\/02\/sans-titre-3.png","type":"image\/png"}],"twitter_card":"summary_large_image","twitter_misc":{"Gesch\u00e4tzte Lesezeit":"2\u00a0Minuten"},"schema":{"@context":"https:\/\/schema.org","@graph":[{"@type":"WebPage","@id":"https:\/\/metarom.eu\/de\/actualites\/mfr-nominierungen\/","url":"https:\/\/metarom.eu\/de\/actualites\/mfr-nominierungen\/","name":"Ernennungen: Metarom france vergr\u00f6\u00dfert sich! - Metarom","isPartOf":{"@id":"https:\/\/metarom.eu\/de\/#website"},"primaryImageOfPage":{"@id":"https:\/\/metarom.eu\/de\/actualites\/mfr-nominierungen\/#primaryimage"},"image":{"@id":"https:\/\/metarom.eu\/de\/actualites\/mfr-nominierungen\/#primaryimage"},"thumbnailUrl":"https:\/\/metarom.eu\/wp-content\/uploads\/2022\/02\/sans-titre-3.png","datePublished":"2022-02-11T15:58:49+00:00","dateModified":"2023-06-08T09:05:30+00:00","breadcrumb":{"@id":"https:\/\/metarom.eu\/de\/actualites\/mfr-nominierungen\/#breadcrumb"},"inLanguage":"de","potentialAction":[{"@type":"ReadAction","target":["https:\/\/metarom.eu\/de\/actualites\/mfr-nominierungen\/"]}]},{"@type":"ImageObject","inLanguage":"de","@id":"https:\/\/metarom.eu\/de\/actualites\/mfr-nominierungen\/#primaryimage","url":"https:\/\/metarom.eu\/wp-content\/uploads\/2022\/02\/sans-titre-3.png","contentUrl":"https:\/\/metarom.eu\/wp-content\/uploads\/2022\/02\/sans-titre-3.png","width":800,"height":400,"caption":"photo d'une fa\u00e7ade de l'entreprise metarom"},{"@type":"BreadcrumbList","@id":"https:\/\/metarom.eu\/de\/actualites\/mfr-nominierungen\/#breadcrumb","itemListElement":[{"@type":"ListItem","position":1,"name":"Accueil","item":"https:\/\/metarom.eu\/de\/"},{"@type":"ListItem","position":2,"name":"Ernennungen: Metarom france vergr\u00f6\u00dfert sich!"}]},{"@type":"WebSite","@id":"https:\/\/metarom.eu\/de\/#website","url":"https:\/\/metarom.eu\/de\/","name":"Metarom","description":"Ar\u00f4mes et caramels","publisher":{"@id":"https:\/\/metarom.eu\/de\/#organization"},"potentialAction":[{"@type":"SearchAction","target":{"@type":"EntryPoint","urlTemplate":"https:\/\/metarom.eu\/de\/?s={search_term_string}"},"query-input":{"@type":"PropertyValueSpecification","valueRequired":true,"valueName":"search_term_string"}}],"inLanguage":"de"},{"@type":"Organization","@id":"https:\/\/metarom.eu\/de\/#organization","name":"Metarom","url":"https:\/\/metarom.eu\/de\/","logo":{"@type":"ImageObject","inLanguage":"de","@id":"https:\/\/metarom.eu\/de\/#\/schema\/logo\/image\/","url":"https:\/\/metarom.eu\/wp-content\/uploads\/2021\/06\/metarom-fr.jpeg","contentUrl":"https:\/\/metarom.eu\/wp-content\/uploads\/2021\/06\/metarom-fr.jpeg","width":1772,"height":1181,"caption":"Metarom"},"image":{"@id":"https:\/\/metarom.eu\/de\/#\/schema\/logo\/image\/"},"sameAs":["https:\/\/fr.linkedin.com\/company\/metarom-france"]}]}},"_links":{"self":[{"href":"https:\/\/metarom.eu\/de\/wp-json\/wp\/v2\/app_blog_post\/2276","targetHints":{"allow":["GET"]}}],"collection":[{"href":"https:\/\/metarom.eu\/de\/wp-json\/wp\/v2\/app_blog_post"}],"about":[{"href":"https:\/\/metarom.eu\/de\/wp-json\/wp\/v2\/types\/app_blog_post"}],"wp:featuredmedia":[{"embeddable":true,"href":"https:\/\/metarom.eu\/de\/wp-json\/wp\/v2\/media\/2256"}],"wp:attachment":[{"href":"https:\/\/metarom.eu\/de\/wp-json\/wp\/v2\/media?parent=2276"}],"curies":[{"name":"wp","href":"https:\/\/api.w.org\/{rel}","templated":true}]}}